{"id":24559,"date":"2020-09-29T17:04:16","date_gmt":"2020-09-29T20:04:16","guid":{"rendered":"https:\/\/bergsteinlaw.com\/prestacion-abonada-a-un-jubilado-para-la-compra-de-audifonos-se-encuentra-gravada-por-iass\/"},"modified":"2020-09-29T17:04:16","modified_gmt":"2020-09-29T20:04:16","slug":"prestacion-abonada-a-un-jubilado-para-la-compra-de-audifonos-se-encuentra-gravada-por-iass","status":"publish","type":"post","link":"https:\/\/bergsteinlaw.com\/en\/prestacion-abonada-a-un-jubilado-para-la-compra-de-audifonos-se-encuentra-gravada-por-iass\/","title":{"rendered":"(Espa\u00f1ol) Prestaci\u00f3n abonada a un jubilado para la compra de aud\u00edfonos se encuentra gravada por IASS"},"content":{"rendered":"<p class=\"qtranxs-available-languages-message qtranxs-available-languages-message-en\">Sorry, this entry is only available in <a href=\"https:\/\/bergsteinlaw.com\/es\/wp-json\/wp\/v2\/posts\/24559\" class=\"qtranxs-available-language-link qtranxs-available-language-link-es\" title=\"Espa\u00f1ol\">European Spanish<\/a>.<\/p>","protected":false},"excerpt":{"rendered":"<p>Sorry, this entry is only available in European Spanish.<\/p>\n","protected":false},"author":2,"featured_media":0,"comment_status":"closed","ping_status":"closed","sticky":false,"template":"","format":"standard","meta":{"footnotes":""},"categories":[296],"tags":[193],"acf":[],"_links":{"self":[{"href":"https:\/\/bergsteinlaw.com\/en\/wp-json\/wp\/v2\/posts\/24559"}],"collection":[{"href":"https:\/\/bergsteinlaw.com\/en\/wp-json\/wp\/v2\/posts"}],"about":[{"href":"https:\/\/bergsteinlaw.com\/en\/wp-json\/wp\/v2\/types\/post"}],"author":[{"embeddable":true,"href":"https:\/\/bergsteinlaw.com\/en\/wp-json\/wp\/v2\/users\/2"}],"replies":[{"embeddable":true,"href":"https:\/\/bergsteinlaw.com\/en\/wp-json\/wp\/v2\/comments?post=24559"}],"version-history":[{"count":0,"href":"https:\/\/bergsteinlaw.com\/en\/wp-json\/wp\/v2\/posts\/24559\/revisions"}],"wp:attachment":[{"href":"https:\/\/bergsteinlaw.com\/en\/wp-json\/wp\/v2\/media?parent=24559"}],"wp:term":[{"taxonomy":"category","embeddable":true,"href":"https:\/\/bergsteinlaw.com\/en\/wp-json\/wp\/v2\/categories?post=24559"},{"taxonomy":"post_tag","embeddable":true,"href":"https:\/\/bergsteinlaw.com\/en\/wp-json\/wp\/v2\/tags?post=24559"}],"curies":[{"name":"wp","href":"https:\/\/api.w.org\/{rel}","templated":true}]}}